{"id":219,"date":"2016-02-01T18:59:46","date_gmt":"2016-02-01T18:59:46","guid":{"rendered":"http:\/\/avvcelm.cat\/avvcelm\/?p=219"},"modified":"2016-06-27T15:21:04","modified_gmt":"2016-06-27T15:21:04","slug":"passejades-per-valldoreix-i-el-seu-entorn","status":"publish","type":"post","link":"http:\/\/avvcelm.cat\/avvcelm\/2016\/02\/01\/passejades-per-valldoreix-i-el-seu-entorn\/","title":{"rendered":"Passejades per Valldoreix i el seu entorn"},"content":{"rendered":"<p><strong>Aquest programa de passejades per con\u00e8ixer el nostre poble i el seu entorn, ja \u00e9s una realitat i la seva consolidaci\u00f3 \u00e9s un fet.<\/strong><\/p>\n<p><img loading=\"lazy\" decoding=\"async\" class=\"alignnone size-full wp-image-228\" src=\"http:\/\/avvcelm.cat\/avvcelm\/wp-content\/uploads\/2016\/02\/pasejades.jpg\" alt=\"pasejades\" width=\"700\" height=\"270\" srcset=\"http:\/\/avvcelm.cat\/avvcelm\/wp-content\/uploads\/2016\/02\/pasejades.jpg 700w, http:\/\/avvcelm.cat\/avvcelm\/wp-content\/uploads\/2016\/02\/pasejades-300x116.jpg 300w\" sizes=\"(max-width: 700px) 100vw, 700px\" \/><\/p>\n<p>A hores d\u2019ara podem oferir les excursions ja programades gr\u00e0cies a la col\u00b7laboraci\u00f3 dels amics\u00a0Miquel Batet, Valldaurex, Mireia Plaza, Agust\u00ed Collado i a l\u2019Associaci\u00f3 de ve\u00efns de Ca N\u2019Enric La Miranda.<\/p>\n<p>Totes aquestes visites ser\u00e1n guiades i comentades per experts i coneixedors del territori i el seu entorn.<br \/>\nLes passejades sempre es faran en\u00a0diumenge pel mat\u00ed, sortint al voltant de les 9,30h de la Pla\u00e7a del Mas Roig, amb una durada m\u00e0xima de dues hores.<\/p>\n<p>Els grups ser\u00e0n de\u00a025-30 persones.<\/p>\n<p>Les inscripcions es podran fer a trav\u00e9s del e-mail de l\u2019EMD Casal de Cultura: Marta Cavall\u00e9 mcavalle@valldoreix.cat, o al de l\u2019Associaci\u00f3 de Ve\u00efns de Ca n\u2019Enric La Miranda,\u00a0info@avvcelm.cat.<\/p>\n<p>Cal indicar el nombre de persones per fam\u00edlia que hi vindran.<\/p>\n<p>Us hi esperem.<\/p>\n","protected":false},"excerpt":{"rendered":"<p>Aquest programa de passejades per con\u00e8ixer el nostre poble i el seu entorn, ja \u00e9s una realitat i la seva consolidaci\u00f3 \u00e9s un fet.<\/p>\n","protected":false},"author":1,"featured_media":221,"comment_status":"closed","ping_status":"closed","sticky":false,"template":"","format":"standard","meta":{"footnotes":""},"categories":[2,7],"tags":[],"_links":{"self":[{"href":"http:\/\/avvcelm.cat\/avvcelm\/wp-json\/wp\/v2\/posts\/219"}],"collection":[{"href":"http:\/\/avvcelm.cat\/avvcelm\/wp-json\/wp\/v2\/posts"}],"about":[{"href":"http:\/\/avvcelm.cat\/avvcelm\/wp-json\/wp\/v2\/types\/post"}],"author":[{"embeddable":true,"href":"http:\/\/avvcelm.cat\/avvcelm\/wp-json\/wp\/v2\/users\/1"}],"replies":[{"embeddable":true,"href":"http:\/\/avvcelm.cat\/avvcelm\/wp-json\/wp\/v2\/comments?post=219"}],"version-history":[{"count":3,"href":"http:\/\/avvcelm.cat\/avvcelm\/wp-json\/wp\/v2\/posts\/219\/revisions"}],"predecessor-version":[{"id":229,"href":"http:\/\/avvcelm.cat\/avvcelm\/wp-json\/wp\/v2\/posts\/219\/revisions\/229"}],"wp:featuredmedia":[{"embeddable":true,"href":"http:\/\/avvcelm.cat\/avvcelm\/wp-json\/wp\/v2\/media\/221"}],"wp:attachment":[{"href":"http:\/\/avvcelm.cat\/avvcelm\/wp-json\/wp\/v2\/media?parent=219"}],"wp:term":[{"taxonomy":"category","embeddable":true,"href":"http:\/\/avvcelm.cat\/avvcelm\/wp-json\/wp\/v2\/categories?post=219"},{"taxonomy":"post_tag","embeddable":true,"href":"http:\/\/avvcelm.cat\/avvcelm\/wp-json\/wp\/v2\/tags?post=219"}],"curies":[{"name":"wp","href":"https:\/\/api.w.org\/{rel}","templated":true}]}}