{"id":389,"date":"2016-11-05T13:52:50","date_gmt":"2016-11-05T13:52:50","guid":{"rendered":"http:\/\/avvcelm.cat\/avvcelm\/?p=389"},"modified":"2017-07-11T18:10:03","modified_gmt":"2017-07-11T18:10:03","slug":"maridatge-de-vins-i-formatges","status":"publish","type":"post","link":"http:\/\/avvcelm.cat\/avvcelm\/2016\/11\/05\/maridatge-de-vins-i-formatges\/","title":{"rendered":"Maridatge de vins i formatges"},"content":{"rendered":"<p><img decoding=\"async\" class=\"alignleft size-full wp-image-356\" src=\"http:\/\/avvcelm.cat\/avvcelm\/wp-content\/uploads\/2017\/07\/maridatge-vins-formatges.jpg\" alt=\"Maridatge vins i formatges\" \/><br \/>\nData: 5 de novembre de 2016<\/p>\n<p>Maridatge de vins i formatges a c\u00e0rrec de Josep Llu\u00eds Matos de Vinos Dulces de Vallvidrera i Enoteca Matos.<br \/>\ndissabte, 19 de novembre de 2016 de 11:30 a 13:00 Sala N.E.C. de Valldoreix<br \/>\nPreu per persona 17\u20ac tot incl\u00f2s<br \/>\nPla\u00e7es limitades, cal confirmaci\u00f3 per part de l&#8217;AVVCELM. Contacte: <a href=\"mailto:jmfe@avvcelm.cat\" target=\"_blank\">jmfe@avvcelm.cat<\/a><\/p>\n","protected":false},"excerpt":{"rendered":"<p>Data: 5 de novembre de 2016 Maridatge de vins i formatges a c\u00e0rrec de Josep Llu\u00eds Matos de Vinos Dulces de Vallvidrera i Enoteca Matos. dissabte, 19 de novembre de 2016 de 11:30 a 13:00 Sala N.E.C. de Valldoreix Preu per persona 17\u20ac tot incl\u00f2s Pla\u00e7es limitades, cal confirmaci\u00f3 per part de l&#8217;AVVCELM. Contacte: jmfe@avvcelm.cat<\/p>\n","protected":false},"author":1,"featured_media":388,"comment_status":"closed","ping_status":"open","sticky":false,"template":"","format":"standard","meta":{"footnotes":""},"categories":[2,8],"tags":[],"_links":{"self":[{"href":"http:\/\/avvcelm.cat\/avvcelm\/wp-json\/wp\/v2\/posts\/389"}],"collection":[{"href":"http:\/\/avvcelm.cat\/avvcelm\/wp-json\/wp\/v2\/posts"}],"about":[{"href":"http:\/\/avvcelm.cat\/avvcelm\/wp-json\/wp\/v2\/types\/post"}],"author":[{"embeddable":true,"href":"http:\/\/avvcelm.cat\/avvcelm\/wp-json\/wp\/v2\/users\/1"}],"replies":[{"embeddable":true,"href":"http:\/\/avvcelm.cat\/avvcelm\/wp-json\/wp\/v2\/comments?post=389"}],"version-history":[{"count":3,"href":"http:\/\/avvcelm.cat\/avvcelm\/wp-json\/wp\/v2\/posts\/389\/revisions"}],"predecessor-version":[{"id":400,"href":"http:\/\/avvcelm.cat\/avvcelm\/wp-json\/wp\/v2\/posts\/389\/revisions\/400"}],"wp:featuredmedia":[{"embeddable":true,"href":"http:\/\/avvcelm.cat\/avvcelm\/wp-json\/wp\/v2\/media\/388"}],"wp:attachment":[{"href":"http:\/\/avvcelm.cat\/avvcelm\/wp-json\/wp\/v2\/media?parent=389"}],"wp:term":[{"taxonomy":"category","embeddable":true,"href":"http:\/\/avvcelm.cat\/avvcelm\/wp-json\/wp\/v2\/categories?post=389"},{"taxonomy":"post_tag","embeddable":true,"href":"http:\/\/avvcelm.cat\/avvcelm\/wp-json\/wp\/v2\/tags?post=389"}],"curies":[{"name":"wp","href":"https:\/\/api.w.org\/{rel}","templated":true}]}}