{"id":394,"date":"2017-06-09T14:09:37","date_gmt":"2017-06-09T14:09:37","guid":{"rendered":"http:\/\/avvcelm.cat\/avvcelm\/?p=394"},"modified":"2017-07-10T14:26:52","modified_gmt":"2017-07-10T14:26:52","slug":"conferencia-sobre-la-literatura-infantil-i-juvenil-catalana-esta-de-moda-parlem-ne","status":"publish","type":"post","link":"http:\/\/avvcelm.cat\/avvcelm\/2017\/06\/09\/conferencia-sobre-la-literatura-infantil-i-juvenil-catalana-esta-de-moda-parlem-ne\/","title":{"rendered":"Confer\u00e8ncia sobre la literatura infantil i juvenil catalana est\u00e0 de moda. Parlem-ne"},"content":{"rendered":"<p><img loading=\"lazy\" decoding=\"async\" src=\"http:\/\/avvcelm.cat\/avvcelm\/wp-content\/uploads\/2017\/07\/literatura-infantil.jpg\" alt=\"literatura-infantil\" width=\"340\" height=\"340\" class=\"alignleft size-full wp-image-356\" \/><br \/>\nEl divendres dia 9 de juny, esteu convidats a la confer\u00e8ncia sobre \u201cLa literatura infantil i juvenil catalana est\u00e0 de moda. Parlem-ne\u201d a la Sala Casal de Cultura de Valldoreix, a les 19:30h. a c\u00e0rrec de  Marta Luna i Sanjuan i Laura Klamburg.<\/p>\n<p>Temari:<br \/>\nCom hi hem arribat? Quins s\u00f3n els antecedents? \u00c9s \u00fatil la literatura infantil m\u00e9s enll\u00e0 de l&#8217;entreteniment? Podem parlar de valors consolidats i de valors emergents?<\/p>\n","protected":false},"excerpt":{"rendered":"<p>El divendres dia 9 de juny, esteu convidats a la confer\u00e8ncia sobre \u201cLa literatura infantil i juvenil catalana est\u00e0 de moda. Parlem-ne\u201d a la Sala Casal de Cultura de Valldoreix, a les 19:30h. a c\u00e0rrec de Marta Luna i Sanjuan i Laura Klamburg. Temari: Com hi hem arribat? Quins s\u00f3n els antecedents? \u00c9s \u00fatil la literatura infantil m\u00e9s enll\u00e0 de l&#8217;entreteniment? Podem parlar de valors consolidats i de valors emergents?<\/p>\n","protected":false},"author":1,"featured_media":392,"comment_status":"open","ping_status":"open","sticky":false,"template":"","format":"standard","meta":{"footnotes":""},"categories":[2,10],"tags":[],"_links":{"self":[{"href":"http:\/\/avvcelm.cat\/avvcelm\/wp-json\/wp\/v2\/posts\/394"}],"collection":[{"href":"http:\/\/avvcelm.cat\/avvcelm\/wp-json\/wp\/v2\/posts"}],"about":[{"href":"http:\/\/avvcelm.cat\/avvcelm\/wp-json\/wp\/v2\/types\/post"}],"author":[{"embeddable":true,"href":"http:\/\/avvcelm.cat\/avvcelm\/wp-json\/wp\/v2\/users\/1"}],"replies":[{"embeddable":true,"href":"http:\/\/avvcelm.cat\/avvcelm\/wp-json\/wp\/v2\/comments?post=394"}],"version-history":[{"count":1,"href":"http:\/\/avvcelm.cat\/avvcelm\/wp-json\/wp\/v2\/posts\/394\/revisions"}],"predecessor-version":[{"id":395,"href":"http:\/\/avvcelm.cat\/avvcelm\/wp-json\/wp\/v2\/posts\/394\/revisions\/395"}],"wp:featuredmedia":[{"embeddable":true,"href":"http:\/\/avvcelm.cat\/avvcelm\/wp-json\/wp\/v2\/media\/392"}],"wp:attachment":[{"href":"http:\/\/avvcelm.cat\/avvcelm\/wp-json\/wp\/v2\/media?parent=394"}],"wp:term":[{"taxonomy":"category","embeddable":true,"href":"http:\/\/avvcelm.cat\/avvcelm\/wp-json\/wp\/v2\/categories?post=394"},{"taxonomy":"post_tag","embeddable":true,"href":"http:\/\/avvcelm.cat\/avvcelm\/wp-json\/wp\/v2\/tags?post=394"}],"curies":[{"name":"wp","href":"https:\/\/api.w.org\/{rel}","templated":true}]}}