{"id":398,"date":"2017-03-01T14:20:32","date_gmt":"2017-03-01T14:20:32","guid":{"rendered":"http:\/\/avvcelm.cat\/avvcelm\/?p=398"},"modified":"2017-07-10T14:21:45","modified_gmt":"2017-07-10T14:21:45","slug":"xerrada-sobre-charles-darwin-i-la-evolucio-de-les-especies","status":"publish","type":"post","link":"http:\/\/avvcelm.cat\/avvcelm\/2017\/03\/01\/xerrada-sobre-charles-darwin-i-la-evolucio-de-les-especies\/","title":{"rendered":"Xerrada sobre Charles Darwin i la evoluci\u00f3 de les esp\u00e8cies"},"content":{"rendered":"<p><img loading=\"lazy\" decoding=\"async\" src=\"http:\/\/avvcelm.cat\/avvcelm\/wp-content\/uploads\/2017\/07\/darwin-beagle.jpg\" alt=\"darwin-beagle\" width=\"609\" height=\"406\" class=\"alignleft size-full wp-image-356\" \/><br \/>\nXerrada sobre Charles Robert Darwin i l&#8217;evoluci\u00f3 de les esp\u00e8cies, Sala Casal de Cultura de Valldoreix, dia 17 de mar\u00e7 de 2017 a les 19:30h. a c\u00e0rrec de l\u2019Andreu Valls.<\/p>\n","protected":false},"excerpt":{"rendered":"<p>Xerrada sobre Charles Robert Darwin i l&#8217;evoluci\u00f3 de les esp\u00e8cies, Sala Casal de Cultura de Valldoreix, dia 17 de mar\u00e7 de 2017 a les 19:30h. a c\u00e0rrec de l\u2019Andreu Valls.<\/p>\n","protected":false},"author":1,"featured_media":396,"comment_status":"closed","ping_status":"open","sticky":false,"template":"","format":"standard","meta":{"footnotes":""},"categories":[2,10],"tags":[],"_links":{"self":[{"href":"http:\/\/avvcelm.cat\/avvcelm\/wp-json\/wp\/v2\/posts\/398"}],"collection":[{"href":"http:\/\/avvcelm.cat\/avvcelm\/wp-json\/wp\/v2\/posts"}],"about":[{"href":"http:\/\/avvcelm.cat\/avvcelm\/wp-json\/wp\/v2\/types\/post"}],"author":[{"embeddable":true,"href":"http:\/\/avvcelm.cat\/avvcelm\/wp-json\/wp\/v2\/users\/1"}],"replies":[{"embeddable":true,"href":"http:\/\/avvcelm.cat\/avvcelm\/wp-json\/wp\/v2\/comments?post=398"}],"version-history":[{"count":1,"href":"http:\/\/avvcelm.cat\/avvcelm\/wp-json\/wp\/v2\/posts\/398\/revisions"}],"predecessor-version":[{"id":399,"href":"http:\/\/avvcelm.cat\/avvcelm\/wp-json\/wp\/v2\/posts\/398\/revisions\/399"}],"wp:featuredmedia":[{"embeddable":true,"href":"http:\/\/avvcelm.cat\/avvcelm\/wp-json\/wp\/v2\/media\/396"}],"wp:attachment":[{"href":"http:\/\/avvcelm.cat\/avvcelm\/wp-json\/wp\/v2\/media?parent=398"}],"wp:term":[{"taxonomy":"category","embeddable":true,"href":"http:\/\/avvcelm.cat\/avvcelm\/wp-json\/wp\/v2\/categories?post=398"},{"taxonomy":"post_tag","embeddable":true,"href":"http:\/\/avvcelm.cat\/avvcelm\/wp-json\/wp\/v2\/tags?post=398"}],"curies":[{"name":"wp","href":"https:\/\/api.w.org\/{rel}","templated":true}]}}