{"id":402,"date":"2017-09-03T16:22:04","date_gmt":"2017-09-03T16:22:04","guid":{"rendered":"http:\/\/avvcelm.cat\/avvcelm\/?p=402"},"modified":"2017-09-03T16:29:48","modified_gmt":"2017-09-03T16:29:48","slug":"el-xalet-la-lechera-de-valldoreix-i-el-president-macia","status":"publish","type":"post","link":"http:\/\/avvcelm.cat\/avvcelm\/2017\/09\/03\/el-xalet-la-lechera-de-valldoreix-i-el-president-macia\/","title":{"rendered":"El Xalet &#8216;La Lechera&#8217; de Valldoreix i el president Maci\u00e0"},"content":{"rendered":"<p><strong>El diumenge 22 d&#8217;octubre de 1933, a primera hora del mat\u00ed, el President de la Generalitat, Francesc Maci\u00e0 i Lluss\u00e0 (1859-1933) va sortir de Barcelona, en l&#8217;Hispano Suiza B-24955<\/strong><\/p>\n<p>Anava acompanyat pel diputat d&#8217;Esquerra Republicana de Catalunya (ERC) Joan Baptista Soler i Bru (1888-1954), pel secretari de presid\u00e8ncia (1931-1934) i periodista, Joan Alavedra i Segura\u00f1as (1896-1981) i pel Sr. Rub\u00ed, cap de cerimonial. <strong>El dest\u00ed era Valldoreix.<br \/>\n<\/strong><br \/>\nUrbanizaciones de Valldoreix i R\u00e0dio Associaci\u00f3 havien organitzat un acte de <strong>col\u00b7locaci\u00f3 de la primera pedra del Xalet La Lechera<\/strong>, aix\u00ed com una gran festa al Camp d&#8217;Esports. El xalet estava patrocinat per Nestl\u00e9 i per Urbanizaciones Valldoreix, i era el premi del <strong>III Concurs d&#8217;Hist\u00f2ria de Catalunya<\/strong> organitzat per R\u00e0dio Associaci\u00f3.<\/p>\n<p>A l&#8217;acte de col\u00b7locaci\u00f3 de la primera pedra estaven convidades les <strong>autoritats locals<\/strong>, entre elles l&#8217;alcalde de Sant Cugat, Roc Cod\u00f3 i Serra (1882-1961) del Centre Republic\u00e0 Federal (CRF) i els regidors Mag\u00ed Bartralot i Auladell (1892-1980) (CRF), Miquel Duran i Jan\u00e9 (CRF), Jaume F\u00e0bregas i Sall\u00e9s (1860-1967) (CRF), Tom\u00e1s Grau i Merc\u00e9 (CRF), Gabriel Pahisa i Canals (CRF), Mart\u00ed Vilar\u00f3 i Casta\u00f1er (CRF), Anton Vilaseca i Aymerich del Centre Republic\u00e0 Radical (CRR), Ramon Sagal\u00e9s i Bartralot (CRF), Joan Serraboguny\u00e0 i Serra (CRF) i Josep Alemany i Prats del Centre Bloc Republic\u00e0. Tamb\u00e9 assistiren destacades personalitats de la societat valldoreixenca, el president de l&#8217;Associaci\u00f3 de Propietaris, Enric Torn\u00e9 i Mateu, el president de R\u00e0dio Associaci\u00f3, Jaume Rosquellas i Alessan (1897-1978) o el director de la revista Catalunya R\u00e0dio, Tom\u00e0s Roig i LLop (1902-1987).<\/p>\n<p>La col\u00b7locaci\u00f3 de la primera pedra es va fer a un <strong>solar<\/strong> que Urbanizaciones Valldoreix havia donat a l&#8217;Avinguda Mn. Jacint Verdaguer. Centenars de persones esperaven impacients l&#8217;arribada de l&#8217;avi Maci\u00e0, aclamant-lo al seu pas. <strong>Va ser rebut amb els sons del <i>Cant dels Segadors<\/i><\/strong>. A les 10 del mat\u00ed Maci\u00e0 sign\u00e0 un pergam\u00ed commemoratiu que s&#8217;incorpor\u00e0 a una c\u00e0psula del temps soterrada sota la primera pedra. Seguidament, el president dirig\u00ed unes paraules a la multitud i marx\u00e0 cap a l&#8217;Estadi de Montju\u00efc on se celebrava el festival atl\u00e8tic d&#8217;Esquerra Republicana de Catalunya (ERC).<\/p>\n<p>M\u00e9s tard a les 11, les autoritats, ja sense el president Maci\u00e0, assistiren a un <strong>c\u00f2ctel a la masia de Can Monmany<\/strong>.<\/p>\n<p>La Festa comen\u00e7\u00e0 a les 12, sota la presid\u00e8ncia del diputat Soler i Bru, que representava el president Maci\u00e0. Per a l&#8217;entreteniment dels assistents es van organitzar sardanes amb la Cobla Emporium, focs artificials, elevaci\u00f3 de globus aerost\u00e0tic, atraccions i actuacions variades, com la dels pallassos Pepy, Jim, Sabi i Tiko, augustos de soir\u00e9e; el Trio Tony Grice, clowns, Franko-kos i els seus gossos comediants; l&#8217;equilibrista-malabarista Raffles, la Banda La Salut o la dels nens del Grup Talia de la Cooperativa La Llibertat de Gr\u00e0cia que interpretaren el ball del Cu-cut. <\/p>\n<p>La jornada es complet\u00e0 tamb\u00e9 amb un <strong>programa d&#8217;esports<\/strong>, amb curses de nataci\u00f3, partits de tennis i de futbol.<br \/>\nDos mesos despr\u00e9s, el 25 de desembre de 1933 moria el President Maci\u00e0, i quasi un any m\u00e9s tard, l&#8217;11 de setembre de 1934 es va fer p\u00fablic el resultat del concurs. El guany\u00e0 la nena sabadellenca, de dotze anys, Montserrat Obradors pel seu treball &#8216;El brau almirall Roger de Ll\u00faria obt\u00e9 una gran vict\u00f2ria sobre l&#8217;Armada francesa&#8217;.<\/p>\n<p>Ara, en una torre reformada de l&#8217;avinguda Jacint Verdaguer de Valldoreix queda sota els seus fonaments una c\u00e0psula del temps amb la signatura del president Maci\u00e0 i el record d&#8217;aquell concurs.<\/p>\n<p><strong>JJ Cort\u00e9s <\/strong><\/p>\n","protected":false},"excerpt":{"rendered":"<p>El diumenge 22 d&#8217;octubre de 1933, a primera hora del mat\u00ed, el President de la Generalitat, Francesc Maci\u00e0 i Lluss\u00e0 (1859-1933) va sortir de Barcelona, en l&#8217;Hispano Suiza B-24955 Anava acompanyat pel diputat d&#8217;Esquerra Republicana de Catalunya (ERC) Joan Baptista Soler i Bru (1888-1954), pel secretari de presid\u00e8ncia (1931-1934) i periodista, Joan Alavedra i Segura\u00f1as (1896-1981) i pel Sr. Rub\u00ed, cap de cerimonial. El dest\u00ed era Valldoreix. Urbanizaciones de Valldoreix i R\u00e0dio Associaci\u00f3 havien organitzat un acte de col\u00b7locaci\u00f3 de la primera pedra del Xalet La Lechera, aix\u00ed com una gran festa al Camp d&#8217;Esports. El xalet estava patrocinat per Nestl\u00e9 i per Urbanizaciones Valldoreix, i era el premi del III Concurs d&#8217;Hist\u00f2ria de Catalunya organitzat per R\u00e0dio Associaci\u00f3. A l&#8217;acte de col\u00b7locaci\u00f3 de la primera pedra estaven convidades les autoritats locals, entre elles l&#8217;alcalde de Sant Cugat, Roc Cod\u00f3 i Serra (1882-1961) del Centre Republic\u00e0 Federal (CRF) i els regidors Mag\u00ed Bartralot i Auladell (1892-1980) (CRF), Miquel Duran i Jan\u00e9 (CRF), Jaume F\u00e0bregas i Sall\u00e9s (1860-1967) (CRF), Tom\u00e1s Grau i Merc\u00e9 (CRF), Gabriel Pahisa i Canals (CRF), Mart\u00ed Vilar\u00f3 i Casta\u00f1er (CRF), Anton Vilaseca i Aymerich del Centre Republic\u00e0 Radical (CRR), Ramon Sagal\u00e9s i Bartralot (CRF), Joan Serraboguny\u00e0 i [&hellip;]<\/p>\n","protected":false},"author":1,"featured_media":0,"comment_status":"open","ping_status":"open","sticky":false,"template":"","format":"standard","meta":{"footnotes":""},"categories":[1],"tags":[],"_links":{"self":[{"href":"http:\/\/avvcelm.cat\/avvcelm\/wp-json\/wp\/v2\/posts\/402"}],"collection":[{"href":"http:\/\/avvcelm.cat\/avvcelm\/wp-json\/wp\/v2\/posts"}],"about":[{"href":"http:\/\/avvcelm.cat\/avvcelm\/wp-json\/wp\/v2\/types\/post"}],"author":[{"embeddable":true,"href":"http:\/\/avvcelm.cat\/avvcelm\/wp-json\/wp\/v2\/users\/1"}],"replies":[{"embeddable":true,"href":"http:\/\/avvcelm.cat\/avvcelm\/wp-json\/wp\/v2\/comments?post=402"}],"version-history":[{"count":2,"href":"http:\/\/avvcelm.cat\/avvcelm\/wp-json\/wp\/v2\/posts\/402\/revisions"}],"predecessor-version":[{"id":406,"href":"http:\/\/avvcelm.cat\/avvcelm\/wp-json\/wp\/v2\/posts\/402\/revisions\/406"}],"wp:attachment":[{"href":"http:\/\/avvcelm.cat\/avvcelm\/wp-json\/wp\/v2\/media?parent=402"}],"wp:term":[{"taxonomy":"category","embeddable":true,"href":"http:\/\/avvcelm.cat\/avvcelm\/wp-json\/wp\/v2\/categories?post=402"},{"taxonomy":"post_tag","embeddable":true,"href":"http:\/\/avvcelm.cat\/avvcelm\/wp-json\/wp\/v2\/tags?post=402"}],"curies":[{"name":"wp","href":"https:\/\/api.w.org\/{rel}","templated":true}]}}