{"id":414,"date":"2017-11-21T15:08:36","date_gmt":"2017-11-21T15:08:36","guid":{"rendered":"http:\/\/avvcelm.cat\/avvcelm\/?p=414"},"modified":"2017-11-21T15:14:09","modified_gmt":"2017-11-21T15:14:09","slug":"la-veritat-i-els-mitjans-de-comunicacio","status":"publish","type":"post","link":"http:\/\/avvcelm.cat\/avvcelm\/2017\/11\/21\/la-veritat-i-els-mitjans-de-comunicacio\/","title":{"rendered":"La Veritat i els mitjans de comunicaci\u00f3"},"content":{"rendered":"<p><img loading=\"lazy\" decoding=\"async\" class=\"alignleft size-full wp-image-356\" src=\"http:\/\/avvcelm.cat\/avvcelm\/wp-content\/uploads\/2017\/11\/veritat.jpg\" alt=\"Font del Bon Pastor\" width=\"610\" height=\"270\" \/><\/p>\n<p><strong>La Veritat i els mitjans de comunicaci\u00f3<\/strong><br \/>\nDivendres dia 27 d\u2019octubre a les 19:30h.<br \/>\nSala de Cultura de Valldoreix<br \/>\nXerrada a c\u00e0rrec d&#8217;Enrique Abans\u00e9s Ballest\u00edn (Saragossa) Llicenciat en Psicologia i Ci\u00e8ncies de l&#8217;educaci\u00f3.<br \/>\nM\u00e0ster en Administracions Publiques<\/p>\n<p>Sumari de la confer\u00e8ncia:<\/p>\n<ul>\n<li>La veritat i la percepci\u00f3 de la realitat<\/li>\n<li>L&#8217;educaci\u00f3 reglada i la educaci\u00f3 no formal<\/li>\n<li>Els mitjans de comunicaci\u00f3 massiva i els grups de poder<\/li>\n<li>Les regles de la comunicaci\u00f3 de masses: la publicitat i la informaci\u00f3<\/li>\n<li>La ruptura dels paradigmes mentals<\/li>\n<li>La por com estrat\u00e8gia de control<\/li>\n<li>Exemples hist\u00f2rics i actuals<\/li>\n<\/ul>\n","protected":false},"excerpt":{"rendered":"<p>La Veritat i els mitjans de comunicaci\u00f3 Divendres dia 27 d\u2019octubre a les 19:30h. Sala de Cultura de Valldoreix Xerrada a c\u00e0rrec d&#8217;Enrique Abans\u00e9s Ballest\u00edn (Saragossa) Llicenciat en Psicologia i Ci\u00e8ncies de l&#8217;educaci\u00f3. M\u00e0ster en Administracions Publiques Sumari de la confer\u00e8ncia: La veritat i la percepci\u00f3 de la realitat L&#8217;educaci\u00f3 reglada i la educaci\u00f3 no formal Els mitjans de comunicaci\u00f3 massiva i els grups de poder Les regles de la comunicaci\u00f3 de masses: la publicitat i la informaci\u00f3 La ruptura dels paradigmes mentals La por com estrat\u00e8gia de control Exemples hist\u00f2rics i actuals<\/p>\n","protected":false},"author":1,"featured_media":411,"comment_status":"open","ping_status":"open","sticky":false,"template":"","format":"standard","meta":{"footnotes":""},"categories":[2,10],"tags":[],"_links":{"self":[{"href":"http:\/\/avvcelm.cat\/avvcelm\/wp-json\/wp\/v2\/posts\/414"}],"collection":[{"href":"http:\/\/avvcelm.cat\/avvcelm\/wp-json\/wp\/v2\/posts"}],"about":[{"href":"http:\/\/avvcelm.cat\/avvcelm\/wp-json\/wp\/v2\/types\/post"}],"author":[{"embeddable":true,"href":"http:\/\/avvcelm.cat\/avvcelm\/wp-json\/wp\/v2\/users\/1"}],"replies":[{"embeddable":true,"href":"http:\/\/avvcelm.cat\/avvcelm\/wp-json\/wp\/v2\/comments?post=414"}],"version-history":[{"count":1,"href":"http:\/\/avvcelm.cat\/avvcelm\/wp-json\/wp\/v2\/posts\/414\/revisions"}],"predecessor-version":[{"id":415,"href":"http:\/\/avvcelm.cat\/avvcelm\/wp-json\/wp\/v2\/posts\/414\/revisions\/415"}],"wp:featuredmedia":[{"embeddable":true,"href":"http:\/\/avvcelm.cat\/avvcelm\/wp-json\/wp\/v2\/media\/411"}],"wp:attachment":[{"href":"http:\/\/avvcelm.cat\/avvcelm\/wp-json\/wp\/v2\/media?parent=414"}],"wp:term":[{"taxonomy":"category","embeddable":true,"href":"http:\/\/avvcelm.cat\/avvcelm\/wp-json\/wp\/v2\/categories?post=414"},{"taxonomy":"post_tag","embeddable":true,"href":"http:\/\/avvcelm.cat\/avvcelm\/wp-json\/wp\/v2\/tags?post=414"}],"curies":[{"name":"wp","href":"https:\/\/api.w.org\/{rel}","templated":true}]}}