{"id":422,"date":"2018-06-27T17:41:59","date_gmt":"2018-06-27T17:41:59","guid":{"rendered":"http:\/\/avvcelm.cat\/avvcelm\/?p=422"},"modified":"2018-06-27T18:14:31","modified_gmt":"2018-06-27T18:14:31","slug":"la-segona-revolucio-industrial-dedison-a-tesla","status":"publish","type":"post","link":"http:\/\/avvcelm.cat\/avvcelm\/2018\/06\/27\/la-segona-revolucio-industrial-dedison-a-tesla\/","title":{"rendered":"La Segona revoluci\u00f3 Industrial: d\u2019Edison a Tesla"},"content":{"rendered":"<p><img loading=\"lazy\" decoding=\"async\" src=\"http:\/\/avvcelm.cat\/avvcelm\/wp-content\/uploads\/2018\/06\/edison-tesla.jpg\" alt=\"Edison-Tesla\" width=\"610\" height=\"270\" class=\"alignleft size-full wp-image-356\" \/><\/p>\n<p><strong>La Segona revoluci\u00f3 Industrial: d\u2019Edison a Tesla<\/strong><\/p>\n<p><strong>Temari:<\/strong>  Durant el primer ter\u00e7 del segle XX els f\u00edsics  aconsegueixen entendre les lleis  que governen els fen\u00f2mens electromagn\u00e8tics.<\/p>\n<p>Els pa\u00efsos industrialitzats copsen immediatament les expectatives de negoci  que la nova ci\u00e8ncia ofereix i a tal efecte hi aboquen una quantitat de recursos com mai fins ara s\u2019havien mobilitzat.<\/p>\n<p>En aquesta confer\u00e8ncia farem una ullada l\u2019espectacular impacte de progr\u00e9s que van aportar a la societat les primeres aplicacions practiques del que avui coneixem com Segona Revoluci\u00f3 Industrial.<\/p>\n<p><strong>Conferenciant:<\/strong> Andreu Valls Grau(Enginyer Industrial)<br \/>\n<strong>Data: <\/strong>22 de juny de 2018<br \/>\n<strong>Hora: <\/strong>19,30h<br \/>\n<strong>Lloc: <\/strong>Sala de Cultura de Valldoreix<\/p>\n","protected":false},"excerpt":{"rendered":"<p>La Segona revoluci\u00f3 Industrial: d\u2019Edison a Tesla Temari: Durant el primer ter\u00e7 del segle XX els f\u00edsics aconsegueixen entendre les lleis que governen els fen\u00f2mens electromagn\u00e8tics. Els pa\u00efsos industrialitzats copsen immediatament les expectatives de negoci que la nova ci\u00e8ncia ofereix i a tal efecte hi aboquen una quantitat de recursos com mai fins ara s\u2019havien mobilitzat. En aquesta confer\u00e8ncia farem una ullada l\u2019espectacular impacte de progr\u00e9s que van aportar a la societat les primeres aplicacions practiques del que avui coneixem com Segona Revoluci\u00f3 Industrial. Conferenciant: Andreu Valls Grau(Enginyer Industrial) Data: 22 de juny de 2018 Hora: 19,30h Lloc: Sala de Cultura de Valldoreix<\/p>\n","protected":false},"author":1,"featured_media":419,"comment_status":"open","ping_status":"open","sticky":false,"template":"","format":"standard","meta":{"footnotes":""},"categories":[2,10],"tags":[],"_links":{"self":[{"href":"http:\/\/avvcelm.cat\/avvcelm\/wp-json\/wp\/v2\/posts\/422"}],"collection":[{"href":"http:\/\/avvcelm.cat\/avvcelm\/wp-json\/wp\/v2\/posts"}],"about":[{"href":"http:\/\/avvcelm.cat\/avvcelm\/wp-json\/wp\/v2\/types\/post"}],"author":[{"embeddable":true,"href":"http:\/\/avvcelm.cat\/avvcelm\/wp-json\/wp\/v2\/users\/1"}],"replies":[{"embeddable":true,"href":"http:\/\/avvcelm.cat\/avvcelm\/wp-json\/wp\/v2\/comments?post=422"}],"version-history":[{"count":1,"href":"http:\/\/avvcelm.cat\/avvcelm\/wp-json\/wp\/v2\/posts\/422\/revisions"}],"predecessor-version":[{"id":423,"href":"http:\/\/avvcelm.cat\/avvcelm\/wp-json\/wp\/v2\/posts\/422\/revisions\/423"}],"wp:featuredmedia":[{"embeddable":true,"href":"http:\/\/avvcelm.cat\/avvcelm\/wp-json\/wp\/v2\/media\/419"}],"wp:attachment":[{"href":"http:\/\/avvcelm.cat\/avvcelm\/wp-json\/wp\/v2\/media?parent=422"}],"wp:term":[{"taxonomy":"category","embeddable":true,"href":"http:\/\/avvcelm.cat\/avvcelm\/wp-json\/wp\/v2\/categories?post=422"},{"taxonomy":"post_tag","embeddable":true,"href":"http:\/\/avvcelm.cat\/avvcelm\/wp-json\/wp\/v2\/tags?post=422"}],"curies":[{"name":"wp","href":"https:\/\/api.w.org\/{rel}","templated":true}]}}