{"id":426,"date":"2018-06-27T17:51:04","date_gmt":"2018-06-27T17:51:04","guid":{"rendered":"http:\/\/avvcelm.cat\/avvcelm\/?p=426"},"modified":"2018-06-27T17:51:04","modified_gmt":"2018-06-27T17:51:04","slug":"passejada-la-font-de-lermeta-i-a-lermita-sant-vicenc-del-bosc","status":"publish","type":"post","link":"http:\/\/avvcelm.cat\/avvcelm\/2018\/06\/27\/passejada-la-font-de-lermeta-i-a-lermita-sant-vicenc-del-bosc\/","title":{"rendered":"Passejada la Font de l&#8217;Ermet\u00e0 i a l&#8217;Ermita Sant Vicen\u00e7 del Bosc"},"content":{"rendered":"<p><img decoding=\"async\" class=\"alignleft size-full wp-image-356\" src=\"http:\/\/avvcelm.cat\/avvcelm\/wp-content\/uploads\/2018\/06\/font-Ermeta.jpg\" alt=\"Font del Bon Pastor\" \/><br \/>\n<strong>Passejada la Font de l&#8217;Ermet\u00e0 i a l&#8217;Ermita Sant Vicen\u00e7 del Bosc<\/strong><br \/>\nDiumenge, 23 de setembre de 9:30 a 12:30h<br \/>\nTrobada a les 9:30h a la Pla\u00e7a del Mas Roig, anirem amb cotxe fins la rambla de Can Bell<\/p>\n","protected":false},"excerpt":{"rendered":"<p>Passejada la Font de l&#8217;Ermet\u00e0 i a l&#8217;Ermita Sant Vicen\u00e7 del Bosc Diumenge, 23 de setembre de 9:30 a 12:30h Trobada a les 9:30h a la Pla\u00e7a del Mas Roig, anirem amb cotxe fins la rambla de Can Bell<\/p>\n","protected":false},"author":1,"featured_media":424,"comment_status":"open","ping_status":"open","sticky":false,"template":"","format":"standard","meta":{"footnotes":""},"categories":[7],"tags":[],"_links":{"self":[{"href":"http:\/\/avvcelm.cat\/avvcelm\/wp-json\/wp\/v2\/posts\/426"}],"collection":[{"href":"http:\/\/avvcelm.cat\/avvcelm\/wp-json\/wp\/v2\/posts"}],"about":[{"href":"http:\/\/avvcelm.cat\/avvcelm\/wp-json\/wp\/v2\/types\/post"}],"author":[{"embeddable":true,"href":"http:\/\/avvcelm.cat\/avvcelm\/wp-json\/wp\/v2\/users\/1"}],"replies":[{"embeddable":true,"href":"http:\/\/avvcelm.cat\/avvcelm\/wp-json\/wp\/v2\/comments?post=426"}],"version-history":[{"count":1,"href":"http:\/\/avvcelm.cat\/avvcelm\/wp-json\/wp\/v2\/posts\/426\/revisions"}],"predecessor-version":[{"id":427,"href":"http:\/\/avvcelm.cat\/avvcelm\/wp-json\/wp\/v2\/posts\/426\/revisions\/427"}],"wp:featuredmedia":[{"embeddable":true,"href":"http:\/\/avvcelm.cat\/avvcelm\/wp-json\/wp\/v2\/media\/424"}],"wp:attachment":[{"href":"http:\/\/avvcelm.cat\/avvcelm\/wp-json\/wp\/v2\/media?parent=426"}],"wp:term":[{"taxonomy":"category","embeddable":true,"href":"http:\/\/avvcelm.cat\/avvcelm\/wp-json\/wp\/v2\/categories?post=426"},{"taxonomy":"post_tag","embeddable":true,"href":"http:\/\/avvcelm.cat\/avvcelm\/wp-json\/wp\/v2\/tags?post=426"}],"curies":[{"name":"wp","href":"https:\/\/api.w.org\/{rel}","templated":true}]}}