{"id":430,"date":"2018-06-27T18:13:04","date_gmt":"2018-06-27T18:13:04","guid":{"rendered":"http:\/\/avvcelm.cat\/avvcelm\/?p=430"},"modified":"2018-06-27T18:13:04","modified_gmt":"2018-06-27T18:13:04","slug":"maria-aurelia-capmany-1918-1991-mestra-escriptora-feminista","status":"publish","type":"post","link":"http:\/\/avvcelm.cat\/avvcelm\/2018\/06\/27\/maria-aurelia-capmany-1918-1991-mestra-escriptora-feminista\/","title":{"rendered":"Maria Aur\u00e8lia Capmany (1918-1991), mestra, escriptora, feminista"},"content":{"rendered":"<p><img loading=\"lazy\" decoding=\"async\" src=\"http:\/\/avvcelm.cat\/avvcelm\/wp-content\/uploads\/2018\/06\/Capmany.jpg\" alt=\"\nMaria Aur\u00e8lia Capmany\" width=\"610\" height=\"270\" class=\"alignleft size-full wp-image-356\" \/><\/p>\n<p><strong>Maria Aur\u00e8lia Capmany (1918-1991), mestra, escriptora, feminista<\/strong><\/p>\n<p><strong>Temari:<\/strong> Centenari del seu naixement. En motiu d\u2019aquest aniversari farem un rep\u00e0s als seus or\u00edgens familiars per entendre i copsar all\u00f2 que la va conformar. Aquella nena que va fer el batxillerat a l\u2019Institut Escola i el va acabar el juny del 1937 , va comen\u00e7ar la Universitat el mateix octubre del 1937. La guerra va trencar moltes de les expectatives vitals que tot just comen\u00e7aven a n\u00e9ixer. La Capmany ha estat una dona polifac\u00e8tica . Va fer de mestra durant vint anys a diferents escoles i va ser escriptora de novel\u2022les, assaigs, teatre, articles. Va exercir de musa intel\u2022lectual de la generaci\u00f3 de les escriptores i escriptors dels 70. Va ser una de les primeres feministes de la postguerra amb una projecci\u00f3 i rellev\u00e0ncia molt notable. I per \u00faltim del 1983 al 1987 va ser regidora de Cultura i Educaci\u00f3 a l\u2019ajuntament de Barcelona, de la m\u00e0 de Pasqual Maragall. Una vida plena i intensa. Una dona de car\u00e0cter.<\/p>\n<p>Confer\u00e8ncia a c\u00e0rrec de Roser Colomer.<br \/>\nSala del Casal de Cultura<br \/>\n9 de noviembre a les 19:30h.<\/p>\n","protected":false},"excerpt":{"rendered":"<p>Maria Aur\u00e8lia Capmany (1918-1991), mestra, escriptora, feminista Temari: Centenari del seu naixement. En motiu d\u2019aquest aniversari farem un rep\u00e0s als seus or\u00edgens familiars per entendre i copsar all\u00f2 que la va conformar. Aquella nena que va fer el batxillerat a l\u2019Institut Escola i el va acabar el juny del 1937 , va comen\u00e7ar la Universitat el mateix octubre del 1937. La guerra va trencar moltes de les expectatives vitals que tot just comen\u00e7aven a n\u00e9ixer. La Capmany ha estat una dona polifac\u00e8tica . Va fer de mestra durant vint anys a diferents escoles i va ser escriptora de novel\u2022les, assaigs, teatre, articles. Va exercir de musa intel\u2022lectual de la generaci\u00f3 de les escriptores i escriptors dels 70. Va ser una de les primeres feministes de la postguerra amb una projecci\u00f3 i rellev\u00e0ncia molt notable. I per \u00faltim del 1983 al 1987 va ser regidora de Cultura i Educaci\u00f3 a l\u2019ajuntament de Barcelona, de la m\u00e0 de Pasqual Maragall. Una vida plena i intensa. Una dona de car\u00e0cter. Confer\u00e8ncia a c\u00e0rrec de Roser Colomer. Sala del Casal de Cultura 9 de noviembre a les 19:30h.<\/p>\n","protected":false},"author":1,"featured_media":428,"comment_status":"open","ping_status":"open","sticky":false,"template":"","format":"standard","meta":{"footnotes":""},"categories":[2,10],"tags":[],"_links":{"self":[{"href":"http:\/\/avvcelm.cat\/avvcelm\/wp-json\/wp\/v2\/posts\/430"}],"collection":[{"href":"http:\/\/avvcelm.cat\/avvcelm\/wp-json\/wp\/v2\/posts"}],"about":[{"href":"http:\/\/avvcelm.cat\/avvcelm\/wp-json\/wp\/v2\/types\/post"}],"author":[{"embeddable":true,"href":"http:\/\/avvcelm.cat\/avvcelm\/wp-json\/wp\/v2\/users\/1"}],"replies":[{"embeddable":true,"href":"http:\/\/avvcelm.cat\/avvcelm\/wp-json\/wp\/v2\/comments?post=430"}],"version-history":[{"count":1,"href":"http:\/\/avvcelm.cat\/avvcelm\/wp-json\/wp\/v2\/posts\/430\/revisions"}],"predecessor-version":[{"id":431,"href":"http:\/\/avvcelm.cat\/avvcelm\/wp-json\/wp\/v2\/posts\/430\/revisions\/431"}],"wp:featuredmedia":[{"embeddable":true,"href":"http:\/\/avvcelm.cat\/avvcelm\/wp-json\/wp\/v2\/media\/428"}],"wp:attachment":[{"href":"http:\/\/avvcelm.cat\/avvcelm\/wp-json\/wp\/v2\/media?parent=430"}],"wp:term":[{"taxonomy":"category","embeddable":true,"href":"http:\/\/avvcelm.cat\/avvcelm\/wp-json\/wp\/v2\/categories?post=430"},{"taxonomy":"post_tag","embeddable":true,"href":"http:\/\/avvcelm.cat\/avvcelm\/wp-json\/wp\/v2\/tags?post=430"}],"curies":[{"name":"wp","href":"https:\/\/api.w.org\/{rel}","templated":true}]}}