{"id":441,"date":"2019-09-18T13:47:32","date_gmt":"2019-09-18T13:47:32","guid":{"rendered":"http:\/\/avvcelm.cat\/avvcelm\/?p=441"},"modified":"2019-09-18T13:55:25","modified_gmt":"2019-09-18T13:55:25","slug":"taula-rodona-teoria-sobre-el-cancer-rol-de-la-fitoterapia","status":"publish","type":"post","link":"http:\/\/avvcelm.cat\/avvcelm\/2019\/09\/18\/taula-rodona-teoria-sobre-el-cancer-rol-de-la-fitoterapia\/","title":{"rendered":"TAULA RODONA: Teoria sobre el c\u00e0ncer, rol de la fitoter\u00e0pia"},"content":{"rendered":"<p><img loading=\"lazy\" decoding=\"async\" src=\"http:\/\/avvcelm.cat\/avvcelm\/wp-content\/uploads\/2019\/09\/Dr-Pere-Gascon.jpg\" width=\"610\" height=\"281\" class=\"alignleft size-full wp-image-356\" \/><\/p>\n<p><strong>TAULA RODONA: Teoria sobre el c\u00e0ncer, rol de la fitoter\u00e0pia.<\/strong><\/p>\n<p>Divendres 11 d\u2019octubre de 2019, a les 19.30h<br \/>\nSala del Casal de Cultura de Valldoreix.<br \/>\nA c\u00e0rrec de tres professionals especialistes en aquest camp:<br \/>\n<strong>Pere Gasc\u00f3n Vilaplana<\/strong>, onc\u00f2leg, excap de servei de l\u2019Hospital Cl\u00ednic i director del Laboratori d\u2019oncologia molecular.<br \/>\n<strong>Consol Sangabriel Alcolea<\/strong>, doctora en farm\u00e0cia i fitoterapeuta.<br \/>\n<br \/>\n<strong>Jos\u00e9 Garc\u00eda Cotan<\/strong>, farm\u00e0cia Beringues de Sant Cugat.<\/p>\n<p><strong>Temari:<\/strong><br \/>\n\u2022 Conceptes generals sobre el c\u00e0ncer.<br \/>\n\u2022 Limitacions i toxicitat dels tractaments convencionals.<br \/>\n\u2022 \u00das de fongs medicinals en el tractament de la malaltia i la seva efic\u00e0cia com a moduladors del sistema immunitari, recolzant l\u2019activitat antitumoral.<br \/>\n\u2022 Cures i tractaments complementaris per a millorar la qualitat de vida<br \/>\ndels pacients.<br \/>\n\u2022 Fitoter\u00e0pia. Presentaci\u00f3 d\u2019algunes plantes medicinals \u00fatils per a controlar els efectes secundaris m\u00e9s freq\u00fcents. Consells d\u2019utilitzaci\u00f3, precaucions en l\u2019\u00fas i contraindicacions.<br \/>\n\u2022 Productes concrets de m\u00e0xima qualitat i consell farmac\u00e8utic al pacient oncol\u00f2gic.<\/p>\n","protected":false},"excerpt":{"rendered":"<p>TAULA RODONA: Teoria sobre el c\u00e0ncer, rol de la fitoter\u00e0pia. Divendres 11 d\u2019octubre de 2019, a les 19.30h Sala del Casal de Cultura de Valldoreix. A c\u00e0rrec de tres professionals especialistes en aquest camp: Pere Gasc\u00f3n Vilaplana, onc\u00f2leg, excap de servei de l\u2019Hospital Cl\u00ednic i director del Laboratori d\u2019oncologia molecular. Consol Sangabriel Alcolea, doctora en farm\u00e0cia i fitoterapeuta. Jos\u00e9 Garc\u00eda Cotan, farm\u00e0cia Beringues de Sant Cugat. Temari: \u2022 Conceptes generals sobre el c\u00e0ncer. \u2022 Limitacions i toxicitat dels tractaments convencionals. \u2022 \u00das de fongs medicinals en el tractament de la malaltia i la seva efic\u00e0cia com a moduladors del sistema immunitari, recolzant l\u2019activitat antitumoral. \u2022 Cures i tractaments complementaris per a millorar la qualitat de vida dels pacients. \u2022 Fitoter\u00e0pia. Presentaci\u00f3 d\u2019algunes plantes medicinals \u00fatils per a controlar els efectes secundaris m\u00e9s freq\u00fcents. Consells d\u2019utilitzaci\u00f3, precaucions en l\u2019\u00fas i contraindicacions. \u2022 Productes concrets de m\u00e0xima qualitat i consell farmac\u00e8utic al pacient oncol\u00f2gic.<\/p>\n","protected":false},"author":1,"featured_media":434,"comment_status":"closed","ping_status":"closed","sticky":false,"template":"","format":"standard","meta":{"footnotes":""},"categories":[2,10],"tags":[],"_links":{"self":[{"href":"http:\/\/avvcelm.cat\/avvcelm\/wp-json\/wp\/v2\/posts\/441"}],"collection":[{"href":"http:\/\/avvcelm.cat\/avvcelm\/wp-json\/wp\/v2\/posts"}],"about":[{"href":"http:\/\/avvcelm.cat\/avvcelm\/wp-json\/wp\/v2\/types\/post"}],"author":[{"embeddable":true,"href":"http:\/\/avvcelm.cat\/avvcelm\/wp-json\/wp\/v2\/users\/1"}],"replies":[{"embeddable":true,"href":"http:\/\/avvcelm.cat\/avvcelm\/wp-json\/wp\/v2\/comments?post=441"}],"version-history":[{"count":6,"href":"http:\/\/avvcelm.cat\/avvcelm\/wp-json\/wp\/v2\/posts\/441\/revisions"}],"predecessor-version":[{"id":448,"href":"http:\/\/avvcelm.cat\/avvcelm\/wp-json\/wp\/v2\/posts\/441\/revisions\/448"}],"wp:featuredmedia":[{"embeddable":true,"href":"http:\/\/avvcelm.cat\/avvcelm\/wp-json\/wp\/v2\/media\/434"}],"wp:attachment":[{"href":"http:\/\/avvcelm.cat\/avvcelm\/wp-json\/wp\/v2\/media?parent=441"}],"wp:term":[{"taxonomy":"category","embeddable":true,"href":"http:\/\/avvcelm.cat\/avvcelm\/wp-json\/wp\/v2\/categories?post=441"},{"taxonomy":"post_tag","embeddable":true,"href":"http:\/\/avvcelm.cat\/avvcelm\/wp-json\/wp\/v2\/tags?post=441"}],"curies":[{"name":"wp","href":"https:\/\/api.w.org\/{rel}","templated":true}]}}