{"id":451,"date":"2019-09-18T18:55:17","date_gmt":"2019-09-18T18:55:17","guid":{"rendered":"http:\/\/avvcelm.cat\/avvcelm\/?p=451"},"modified":"2019-09-18T18:55:17","modified_gmt":"2019-09-18T18:55:17","slug":"comunicacio-no-verbal-ii-part-ponent-enrique-abanses-29-de-novembre-2019-sala-casal-de-cultura-de-1930-a-2100h","status":"publish","type":"post","link":"http:\/\/avvcelm.cat\/avvcelm\/2019\/09\/18\/comunicacio-no-verbal-ii-part-ponent-enrique-abanses-29-de-novembre-2019-sala-casal-de-cultura-de-1930-a-2100h\/","title":{"rendered":"Comunicaci\u00f3 no verbal II part, ponent Enrique Abans\u00e9s 29 de novembre 2019 Sala Casal de Cultura de 19:30 a 21:00h."},"content":{"rendered":"<p><img loading=\"lazy\" decoding=\"async\" src=\"http:\/\/avvcelm.cat\/avvcelm\/wp-content\/uploads\/2019\/09\/comunicacio-no-verbal.jpg\" width=\"610\" height=\"281\" class=\"alignleft size-full wp-image-356\" \/><\/p>\n<p><strong>XERRADA Comunicaci\u00f3 no verbal II part, ponent Enrique Abans\u00e9s 29 de novembre 2019 Sala Casal de Cultura de 19:30 a 21:00h.<\/strong><\/p>\n<p><strong>Temari:<\/strong><\/p>\n<p>La naturalesa humana.<\/p>\n<ul>\n<li>La comunicaci\u00f3 interpersonal: les paraules.<\/li>\n<li>La comunicaci\u00f3 interpersonal: el cos.<\/li>\n<li>La interacci\u00f3 emissor-receptor: Si no t\u2019agrada el que reps, para atenci\u00f3 al que emets.<\/li>\n<\/ul>\n<p>Els missatges no verbals<\/p>\n<ul>\n<li>El contacte f\u00edsic.<\/li>\n<li>La mirada.<\/li>\n<li>Els gestos amb les mans.<\/li>\n<li>L\u2019 expressi\u00f3 facial.<\/li>\n<li>La pres\u00e8ncia personal.<\/li>\n<li>La dist\u00e0ncia interpersonal i l\u2019espai social.<\/li>\n<li>El color i l\u2019olor.<\/li>\n<\/ul>\n<p>Els missatges paraling\u00fc\u00edstics<\/p>\n<ul>\n<li>El volum.<\/li>\n<li>El to.<\/li>\n<li>L\u2019articulaci\u00f3.<\/li>\n<li>La vocalitzaci\u00f3.<\/li>\n<li>Els tics.<\/li>\n<\/ul>\n<p>La comunicaci\u00f3 en la pr\u00e1ctica<\/p>\n<ul>\n<li>Com aprenem a comunicar-nos: la creaci\u00f3 d\u2019h\u00e0bits.<\/li>\n<li>Per qu\u00e8 ens costa canviar.<\/li>\n<li>L\u2019ansietad i la posta en escena: la por al rid\u00edcul.<\/li>\n<li>La qualitad comunicativa: l\u2019atenci\u00f3 i l\u2019observaci\u00f3.<\/li>\n<\/ul>\n","protected":false},"excerpt":{"rendered":"<p>XERRADA Comunicaci\u00f3 no verbal II part, ponent Enrique Abans\u00e9s 29 de novembre 2019 Sala Casal de Cultura de 19:30 a 21:00h. Temari: La naturalesa humana. La comunicaci\u00f3 interpersonal: les paraules. La comunicaci\u00f3 interpersonal: el cos. La interacci\u00f3 emissor-receptor: Si no t\u2019agrada el que reps, para atenci\u00f3 al que emets. Els missatges no verbals El contacte f\u00edsic. La mirada. Els gestos amb les mans. L\u2019 expressi\u00f3 facial. La pres\u00e8ncia personal. La dist\u00e0ncia interpersonal i l\u2019espai social. El color i l\u2019olor. Els missatges paraling\u00fc\u00edstics El volum. El to. L\u2019articulaci\u00f3. La vocalitzaci\u00f3. Els tics. La comunicaci\u00f3 en la pr\u00e1ctica Com aprenem a comunicar-nos: la creaci\u00f3 d\u2019h\u00e0bits. Per qu\u00e8 ens costa canviar. L\u2019ansietad i la posta en escena: la por al rid\u00edcul. La qualitad comunicativa: l\u2019atenci\u00f3 i l\u2019observaci\u00f3.<\/p>\n","protected":false},"author":1,"featured_media":450,"comment_status":"open","ping_status":"open","sticky":false,"template":"","format":"standard","meta":{"footnotes":""},"categories":[10],"tags":[],"_links":{"self":[{"href":"http:\/\/avvcelm.cat\/avvcelm\/wp-json\/wp\/v2\/posts\/451"}],"collection":[{"href":"http:\/\/avvcelm.cat\/avvcelm\/wp-json\/wp\/v2\/posts"}],"about":[{"href":"http:\/\/avvcelm.cat\/avvcelm\/wp-json\/wp\/v2\/types\/post"}],"author":[{"embeddable":true,"href":"http:\/\/avvcelm.cat\/avvcelm\/wp-json\/wp\/v2\/users\/1"}],"replies":[{"embeddable":true,"href":"http:\/\/avvcelm.cat\/avvcelm\/wp-json\/wp\/v2\/comments?post=451"}],"version-history":[{"count":1,"href":"http:\/\/avvcelm.cat\/avvcelm\/wp-json\/wp\/v2\/posts\/451\/revisions"}],"predecessor-version":[{"id":452,"href":"http:\/\/avvcelm.cat\/avvcelm\/wp-json\/wp\/v2\/posts\/451\/revisions\/452"}],"wp:featuredmedia":[{"embeddable":true,"href":"http:\/\/avvcelm.cat\/avvcelm\/wp-json\/wp\/v2\/media\/450"}],"wp:attachment":[{"href":"http:\/\/avvcelm.cat\/avvcelm\/wp-json\/wp\/v2\/media?parent=451"}],"wp:term":[{"taxonomy":"category","embeddable":true,"href":"http:\/\/avvcelm.cat\/avvcelm\/wp-json\/wp\/v2\/categories?post=451"},{"taxonomy":"post_tag","embeddable":true,"href":"http:\/\/avvcelm.cat\/avvcelm\/wp-json\/wp\/v2\/tags?post=451"}],"curies":[{"name":"wp","href":"https:\/\/api.w.org\/{rel}","templated":true}]}}