{"id":462,"date":"2020-01-27T00:17:50","date_gmt":"2020-01-27T00:17:50","guid":{"rendered":"http:\/\/avvcelm.cat\/avvcelm\/?p=462"},"modified":"2020-01-27T00:17:50","modified_gmt":"2020-01-27T00:17:50","slug":"qui-son-el-amos-del-passeig-de-gracia","status":"publish","type":"post","link":"http:\/\/avvcelm.cat\/avvcelm\/2020\/01\/27\/qui-son-el-amos-del-passeig-de-gracia\/","title":{"rendered":"QUI SON EL AMOS DEL PASSEIG DE GRACIA"},"content":{"rendered":"<p><img loading=\"lazy\" decoding=\"async\" src=\"http:\/\/avvcelm.cat\/avvcelm\/wp-content\/uploads\/2020\/01\/passeig-gracia.jpg\" width=\"610\" height=\"474\" class=\"alignleft size-full wp-image-356\" \/><\/p>\n<p>PASSEJADA PEL PASSEIG DE GRACIA<\/p>\n<p>Rafa Burgos repassa els edificis del passeig de Gr\u00e0cia, un per un, primer els n\u00fameros senars i despr\u00e9s els parells. A cadascun d&#8217;aquests edificis, li dedica tres apartats: el primer est\u00e0 dedicat a la seva construcci\u00f3 i a la hist\u00f2ria de l&#8217;evoluci\u00f3 dels seus propietaris; el segon, als seus elements art\u00edstics m\u00e9s destacats; i el tercer, el m\u00e9s extens, al periodisme d&#8217;investigaci\u00f3, a teixir les xarxes empresarials, financeres i pol\u00edtiques que s&#8217;amaguen al darrera dels &#8220;amos&#8221; del passeig, uns personatges que Rafa Burgos defineix com &#8220;individus discrets, per\u00f2 amb molts diners i molt de poder&#8221;.<\/p>\n<p><strong>Dia 16 de febrer diumenge<\/strong>, trobada a les 10:30h als jardinets de Gracia davant Casa Fuster<\/p>\n<p><strong>Nota: <\/strong>places limitades, cal inscripci\u00f3 pr\u00e8via<\/p>\n","protected":false},"excerpt":{"rendered":"<p>PASSEJADA PEL PASSEIG DE GRACIA Rafa Burgos repassa els edificis del passeig de Gr\u00e0cia, un per un, primer els n\u00fameros senars i despr\u00e9s els parells. A cadascun d&#8217;aquests edificis, li dedica tres apartats: el primer est\u00e0 dedicat a la seva construcci\u00f3 i a la hist\u00f2ria de l&#8217;evoluci\u00f3 dels seus propietaris; el segon, als seus elements art\u00edstics m\u00e9s destacats; i el tercer, el m\u00e9s extens, al periodisme d&#8217;investigaci\u00f3, a teixir les xarxes empresarials, financeres i pol\u00edtiques que s&#8217;amaguen al darrera dels &#8220;amos&#8221; del passeig, uns personatges que Rafa Burgos defineix com &#8220;individus discrets, per\u00f2 amb molts diners i molt de poder&#8221;. Dia 16 de febrer diumenge, trobada a les 10:30h als jardinets de Gracia davant Casa Fuster Nota: places limitades, cal inscripci\u00f3 pr\u00e8via<\/p>\n","protected":false},"author":1,"featured_media":461,"comment_status":"open","ping_status":"open","sticky":false,"template":"","format":"standard","meta":{"footnotes":""},"categories":[7],"tags":[],"_links":{"self":[{"href":"http:\/\/avvcelm.cat\/avvcelm\/wp-json\/wp\/v2\/posts\/462"}],"collection":[{"href":"http:\/\/avvcelm.cat\/avvcelm\/wp-json\/wp\/v2\/posts"}],"about":[{"href":"http:\/\/avvcelm.cat\/avvcelm\/wp-json\/wp\/v2\/types\/post"}],"author":[{"embeddable":true,"href":"http:\/\/avvcelm.cat\/avvcelm\/wp-json\/wp\/v2\/users\/1"}],"replies":[{"embeddable":true,"href":"http:\/\/avvcelm.cat\/avvcelm\/wp-json\/wp\/v2\/comments?post=462"}],"version-history":[{"count":1,"href":"http:\/\/avvcelm.cat\/avvcelm\/wp-json\/wp\/v2\/posts\/462\/revisions"}],"predecessor-version":[{"id":463,"href":"http:\/\/avvcelm.cat\/avvcelm\/wp-json\/wp\/v2\/posts\/462\/revisions\/463"}],"wp:featuredmedia":[{"embeddable":true,"href":"http:\/\/avvcelm.cat\/avvcelm\/wp-json\/wp\/v2\/media\/461"}],"wp:attachment":[{"href":"http:\/\/avvcelm.cat\/avvcelm\/wp-json\/wp\/v2\/media?parent=462"}],"wp:term":[{"taxonomy":"category","embeddable":true,"href":"http:\/\/avvcelm.cat\/avvcelm\/wp-json\/wp\/v2\/categories?post=462"},{"taxonomy":"post_tag","embeddable":true,"href":"http:\/\/avvcelm.cat\/avvcelm\/wp-json\/wp\/v2\/tags?post=462"}],"curies":[{"name":"wp","href":"https:\/\/api.w.org\/{rel}","templated":true}]}}