{"id":465,"date":"2021-12-02T12:49:01","date_gmt":"2021-12-02T12:49:01","guid":{"rendered":"http:\/\/avvcelm.cat\/avvcelm\/?p=465"},"modified":"2021-12-03T14:08:59","modified_gmt":"2021-12-03T14:08:59","slug":"passeig-per-la-vida-i-lobra-de-teresa-pamies-1919-2012","status":"publish","type":"post","link":"http:\/\/avvcelm.cat\/avvcelm\/2021\/12\/02\/passeig-per-la-vida-i-lobra-de-teresa-pamies-1919-2012\/","title":{"rendered":"PASSEIG PER LA VIDA I L\u2019OBRA DE TERESA P\u00c0MIES (1919-2012)"},"content":{"rendered":"<p><img loading=\"lazy\" decoding=\"async\" src=\"http:\/\/avvcelm.cat\/avvcelm\/wp-content\/uploads\/2021\/12\/Teresa-Pamies.jpg\" width=\"610\" height=\"617\" class=\"alignleft size-full wp-image-356\" \/><\/p>\n<p><strong>PASSEIG PER LA VIDA I L\u2019OBRA DE TERESA P\u00c0MIES (1919-2012)<\/strong><\/p>\n<p>Divendres 10 de desembre de 2021, a les 19.30h<br \/>\nSala del Casal de Cultura de Valldoreix<br \/>\nA c\u00e0rrec de Roser Colomer Sur\u00f3s<\/p>\n<p><strong>Temari: <\/strong><br \/>\nMolta gent ha definit Teresa P\u00e0mies com la gran cronista d\u2019una \u00e8poca, com la mem\u00f2ria viva de la nostra hist\u00f2ria.<\/p>\n<p>Es pot destacar en els seus llibres  una gran capacitat d\u2019an\u00e0lisi, autocr\u00edtica, intel\u00b7lig\u00e8ncia, humor, un vocabulari ric i prec\u00eds, una veu personal i \u00fanica.<\/p>\n<p>Pr\u00e0cticament tota la seva obra la podem anomenar MEMORIALISTA. Es far\u00e0 un esment especial de tres dels seus llibres: Testament a Praga, Gent del meu exili i Mem\u00f2ria dels morts.<\/p>\n","protected":false},"excerpt":{"rendered":"<p>PASSEIG PER LA VIDA I L\u2019OBRA DE TERESA P\u00c0MIES (1919-2012) Divendres 10 de desembre de 2021, a les 19.30h Sala del Casal de Cultura de Valldoreix A c\u00e0rrec de Roser Colomer Sur\u00f3s Temari: Molta gent ha definit Teresa P\u00e0mies com la gran cronista d\u2019una \u00e8poca, com la mem\u00f2ria viva de la nostra hist\u00f2ria. Es pot destacar en els seus llibres una gran capacitat d\u2019an\u00e0lisi, autocr\u00edtica, intel\u00b7lig\u00e8ncia, humor, un vocabulari ric i prec\u00eds, una veu personal i \u00fanica. Pr\u00e0cticament tota la seva obra la podem anomenar MEMORIALISTA. Es far\u00e0 un esment especial de tres dels seus llibres: Testament a Praga, Gent del meu exili i Mem\u00f2ria dels morts.<\/p>\n","protected":false},"author":1,"featured_media":466,"comment_status":"closed","ping_status":"closed","sticky":false,"template":"","format":"standard","meta":{"footnotes":""},"categories":[10],"tags":[],"_links":{"self":[{"href":"http:\/\/avvcelm.cat\/avvcelm\/wp-json\/wp\/v2\/posts\/465"}],"collection":[{"href":"http:\/\/avvcelm.cat\/avvcelm\/wp-json\/wp\/v2\/posts"}],"about":[{"href":"http:\/\/avvcelm.cat\/avvcelm\/wp-json\/wp\/v2\/types\/post"}],"author":[{"embeddable":true,"href":"http:\/\/avvcelm.cat\/avvcelm\/wp-json\/wp\/v2\/users\/1"}],"replies":[{"embeddable":true,"href":"http:\/\/avvcelm.cat\/avvcelm\/wp-json\/wp\/v2\/comments?post=465"}],"version-history":[{"count":2,"href":"http:\/\/avvcelm.cat\/avvcelm\/wp-json\/wp\/v2\/posts\/465\/revisions"}],"predecessor-version":[{"id":469,"href":"http:\/\/avvcelm.cat\/avvcelm\/wp-json\/wp\/v2\/posts\/465\/revisions\/469"}],"wp:featuredmedia":[{"embeddable":true,"href":"http:\/\/avvcelm.cat\/avvcelm\/wp-json\/wp\/v2\/media\/466"}],"wp:attachment":[{"href":"http:\/\/avvcelm.cat\/avvcelm\/wp-json\/wp\/v2\/media?parent=465"}],"wp:term":[{"taxonomy":"category","embeddable":true,"href":"http:\/\/avvcelm.cat\/avvcelm\/wp-json\/wp\/v2\/categories?post=465"},{"taxonomy":"post_tag","embeddable":true,"href":"http:\/\/avvcelm.cat\/avvcelm\/wp-json\/wp\/v2\/tags?post=465"}],"curies":[{"name":"wp","href":"https:\/\/api.w.org\/{rel}","templated":true}]}}