{"id":511,"date":"2023-02-08T14:22:58","date_gmt":"2023-02-08T14:22:58","guid":{"rendered":"http:\/\/avvcelm.cat\/avvcelm\/?p=511"},"modified":"2023-02-08T14:22:58","modified_gmt":"2023-02-08T14:22:58","slug":"visita-guiada-al-castell-de-canals-de-valldoreix","status":"publish","type":"post","link":"http:\/\/avvcelm.cat\/avvcelm\/2023\/02\/08\/visita-guiada-al-castell-de-canals-de-valldoreix\/","title":{"rendered":"VISITA GUIADA AL CASTELL DE CANALS DE VALLDOREIX"},"content":{"rendered":"<p><img loading=\"lazy\" decoding=\"async\" src=\"http:\/\/avvcelm.cat\/avvcelm\/wp-content\/uploads\/2023\/02\/CastellCanals.jpg\" alt=\"Castell de Canals\" width=\"609\" height=\"519\" class=\"alignleft size-full wp-image-356\" \/><br \/>\nLa primera menci\u00f3 com a castell \u00e9s de l\u2019any 1160, en el jurament de fidelitat que Bertran de Canals fa al comte de Barcelona, Ramon Berenguer IV. Al segle XIII, el 1243 el rei Jaume I concedeix la jurisdicci\u00f3 del castell i de la vila de Canals i la quadra de la Vall de Lors a Adelaida de Canals. Aquest castell estar\u00e0 lligat a la fam\u00edlia Canals fins el 1306 quan l\u2019abat de Sant Cugat, Pon\u00e7 Burguet, el compr\u00e0. Alguns dels senyors del castell participaren a la conquesta de Mallorca i de Val\u00e8ncia.<\/p>\n<p><b>Guia:<\/b> Juanjo Cort\u00e9s Garc\u00eda (Historiador Valldoreixenc)<br \/>\nDiumenge 12 de febrer a les 11:00h a l\u2019entrada del cam\u00ed d\u2019acc\u00e8s al castell<br \/>\nCal fer reserva a AVVCELM i esperar la seva confirmaci\u00f3<br \/>\n<a href=\"mailto:jmfe@avvcelm.cat\">jmfe@avvcelm.cat<\/a><br \/>\nGrup m\u00e0xim de 25PAX<\/p>\n","protected":false},"excerpt":{"rendered":"<p>La primera menci\u00f3 com a castell \u00e9s de l\u2019any 1160, en el jurament de fidelitat que Bertran de Canals fa al comte de Barcelona, Ramon Berenguer IV. Al segle XIII, el 1243 el rei Jaume I concedeix la jurisdicci\u00f3 del castell i de la vila de Canals i la quadra de la Vall de Lors a Adelaida de Canals. Aquest castell estar\u00e0 lligat a la fam\u00edlia Canals fins el 1306 quan l\u2019abat de Sant Cugat, Pon\u00e7 Burguet, el compr\u00e0. Alguns dels senyors del castell participaren a la conquesta de Mallorca i de Val\u00e8ncia. Guia: Juanjo Cort\u00e9s Garc\u00eda (Historiador Valldoreixenc) Diumenge 12 de febrer a les 11:00h a l\u2019entrada del cam\u00ed d\u2019acc\u00e8s al castell Cal fer reserva a AVVCELM i esperar la seva confirmaci\u00f3 jmfe@avvcelm.cat Grup m\u00e0xim de 25PAX<\/p>\n","protected":false},"author":1,"featured_media":509,"comment_status":"open","ping_status":"open","sticky":false,"template":"","format":"standard","meta":{"footnotes":""},"categories":[2,1,7],"tags":[],"_links":{"self":[{"href":"http:\/\/avvcelm.cat\/avvcelm\/wp-json\/wp\/v2\/posts\/511"}],"collection":[{"href":"http:\/\/avvcelm.cat\/avvcelm\/wp-json\/wp\/v2\/posts"}],"about":[{"href":"http:\/\/avvcelm.cat\/avvcelm\/wp-json\/wp\/v2\/types\/post"}],"author":[{"embeddable":true,"href":"http:\/\/avvcelm.cat\/avvcelm\/wp-json\/wp\/v2\/users\/1"}],"replies":[{"embeddable":true,"href":"http:\/\/avvcelm.cat\/avvcelm\/wp-json\/wp\/v2\/comments?post=511"}],"version-history":[{"count":2,"href":"http:\/\/avvcelm.cat\/avvcelm\/wp-json\/wp\/v2\/posts\/511\/revisions"}],"predecessor-version":[{"id":513,"href":"http:\/\/avvcelm.cat\/avvcelm\/wp-json\/wp\/v2\/posts\/511\/revisions\/513"}],"wp:featuredmedia":[{"embeddable":true,"href":"http:\/\/avvcelm.cat\/avvcelm\/wp-json\/wp\/v2\/media\/509"}],"wp:attachment":[{"href":"http:\/\/avvcelm.cat\/avvcelm\/wp-json\/wp\/v2\/media?parent=511"}],"wp:term":[{"taxonomy":"category","embeddable":true,"href":"http:\/\/avvcelm.cat\/avvcelm\/wp-json\/wp\/v2\/categories?post=511"},{"taxonomy":"post_tag","embeddable":true,"href":"http:\/\/avvcelm.cat\/avvcelm\/wp-json\/wp\/v2\/tags?post=511"}],"curies":[{"name":"wp","href":"https:\/\/api.w.org\/{rel}","templated":true}]}}