{"id":523,"date":"2023-07-04T14:24:36","date_gmt":"2023-07-04T14:24:36","guid":{"rendered":"http:\/\/avvcelm.cat\/avvcelm\/?p=523"},"modified":"2023-07-04T14:24:36","modified_gmt":"2023-07-04T14:24:36","slug":"conferencia-un-passeig-sense-presses-per-idees-i-literatura-a-lentorn-de-3-coneguts-grafics-de-dades","status":"publish","type":"post","link":"http:\/\/avvcelm.cat\/avvcelm\/2023\/07\/04\/conferencia-un-passeig-sense-presses-per-idees-i-literatura-a-lentorn-de-3-coneguts-grafics-de-dades\/","title":{"rendered":"CONFER\u00c8NCIA: UN PASSEIG SENSE PRESSES PER IDEES I LITERATURA A L&#8217;ENTORN DE 3 CONEGUTS GR\u00c0FICS DE DADES"},"content":{"rendered":"<p><img loading=\"lazy\" decoding=\"async\" src=\"http:\/\/avvcelm.cat\/avvcelm\/wp-content\/uploads\/2023\/07\/Sense-Presses.jpg\" width=\"610\" height=\"617\" class=\"alignleft size-full wp-image-356\" \/><\/p>\n<p><strong>CONFER\u00c8NCIA: UN PASSEIG SENSE PRESSES PER IDEES I LITERATURA A L&#8217;ENTORN DE 3 CONEGUTS GR\u00c0FICS DE DADES<\/strong><\/p>\n<p><strong>Temari: <\/strong><br \/>\nA partir de 3 famosos gr\u00e0fics de dades, realitzats respectivament per Charles Minard, Florence Nightingale i el Dr. Snow, farem un recorregut lent per l\u2019Europa de 1812, la Crimea de 1854 i les epid\u00e8mies provocades per la distribuci\u00f3 d\u2019aigua al Londres de mitjans del XIX i la Barcelona de principis del segle XX, situacions que presenten problem\u00e0tiques encara avui no resoltes. A m\u00e9s, a cada gr\u00e0fic li associarem alguna obra literaria important.<\/p>\n<p>Conferenciant: Josep Llu\u00eds Sole<br \/>\nDivendres 22 de setembre de 2023, a les 19.30h<br \/>\nSala del Casal de Cultura de Valldoreix<\/p>\n","protected":false},"excerpt":{"rendered":"<p>CONFER\u00c8NCIA: UN PASSEIG SENSE PRESSES PER IDEES I LITERATURA A L&#8217;ENTORN DE 3 CONEGUTS GR\u00c0FICS DE DADES Temari: A partir de 3 famosos gr\u00e0fics de dades, realitzats respectivament per Charles Minard, Florence Nightingale i el Dr. Snow, farem un recorregut lent per l\u2019Europa de 1812, la Crimea de 1854 i les epid\u00e8mies provocades per la distribuci\u00f3 d\u2019aigua al Londres de mitjans del XIX i la Barcelona de principis del segle XX, situacions que presenten problem\u00e0tiques encara avui no resoltes. A m\u00e9s, a cada gr\u00e0fic li associarem alguna obra literaria important. Conferenciant: Josep Llu\u00eds Sole Divendres 22 de setembre de 2023, a les 19.30h Sala del Casal de Cultura de Valldoreix<\/p>\n","protected":false},"author":1,"featured_media":521,"comment_status":"open","ping_status":"open","sticky":false,"template":"","format":"standard","meta":{"footnotes":""},"categories":[2,12,1],"tags":[],"_links":{"self":[{"href":"http:\/\/avvcelm.cat\/avvcelm\/wp-json\/wp\/v2\/posts\/523"}],"collection":[{"href":"http:\/\/avvcelm.cat\/avvcelm\/wp-json\/wp\/v2\/posts"}],"about":[{"href":"http:\/\/avvcelm.cat\/avvcelm\/wp-json\/wp\/v2\/types\/post"}],"author":[{"embeddable":true,"href":"http:\/\/avvcelm.cat\/avvcelm\/wp-json\/wp\/v2\/users\/1"}],"replies":[{"embeddable":true,"href":"http:\/\/avvcelm.cat\/avvcelm\/wp-json\/wp\/v2\/comments?post=523"}],"version-history":[{"count":1,"href":"http:\/\/avvcelm.cat\/avvcelm\/wp-json\/wp\/v2\/posts\/523\/revisions"}],"predecessor-version":[{"id":524,"href":"http:\/\/avvcelm.cat\/avvcelm\/wp-json\/wp\/v2\/posts\/523\/revisions\/524"}],"wp:featuredmedia":[{"embeddable":true,"href":"http:\/\/avvcelm.cat\/avvcelm\/wp-json\/wp\/v2\/media\/521"}],"wp:attachment":[{"href":"http:\/\/avvcelm.cat\/avvcelm\/wp-json\/wp\/v2\/media?parent=523"}],"wp:term":[{"taxonomy":"category","embeddable":true,"href":"http:\/\/avvcelm.cat\/avvcelm\/wp-json\/wp\/v2\/categories?post=523"},{"taxonomy":"post_tag","embeddable":true,"href":"http:\/\/avvcelm.cat\/avvcelm\/wp-json\/wp\/v2\/tags?post=523"}],"curies":[{"name":"wp","href":"https:\/\/api.w.org\/{rel}","templated":true}]}}