{"id":527,"date":"2023-07-04T14:31:43","date_gmt":"2023-07-04T14:31:43","guid":{"rendered":"http:\/\/avvcelm.cat\/avvcelm\/?p=527"},"modified":"2023-07-04T14:31:43","modified_gmt":"2023-07-04T14:31:43","slug":"lacordio-diatonic-conferencia-musicada","status":"publish","type":"post","link":"http:\/\/avvcelm.cat\/avvcelm\/2023\/07\/04\/lacordio-diatonic-conferencia-musicada\/","title":{"rendered":"L&#8217;ACORDI\u00d3 DIAT\u00d2NIC CONFER\u00c8NCIA MUSICADA"},"content":{"rendered":"<p><img loading=\"lazy\" decoding=\"async\" src=\"http:\/\/avvcelm.cat\/avvcelm\/wp-content\/uploads\/2023\/07\/Lacordio-intro.jpg\" width=\"610\" height=\"617\" class=\"alignleft size-full wp-image-356\" \/><\/p>\n<p><strong>L&#8217;ACORDI\u00d3 DIAT\u00d2NIC CONFER\u00c8NCIA MUSICADA<\/strong><\/p>\n<p><strong>Temari: <\/strong><br \/>\nFarem un rep\u00e0s sobre com va arribar aquest instrument al Pirineu. Es parlar\u00e0 de la rellev\u00e0ncia que va tenir l&#8217;acordi\u00f3 en aquests territoris de muntanya i coneixerem alguns dels acordionistes m\u00e9s importants del Pirineu Catal\u00e0 i les seves can\u00e7ons. Finalment parlarem de l&#8217;estroncament cultural que va reprensantar la Guerra Civil i de la recuperaci\u00f3 actual de l&#8217;instrument.<\/p>\n<p>Tot acompanyat de can\u00e7ons en directe per il\u00b7lustrar la confer\u00e8ncia.<\/p>\n<p>L\u2019acordi\u00f3 \u00e9s un instrument musical aer\u00f2fon de lleng\u00fcetes lliures, constitu\u00eft per una manxa, muntada entre dues plaques de fusta o metall, que \u00e9s accionada amb els bra\u00e7os, mentre que amb els dits de la m\u00e0 dreta es premen les tecles, o els botons que produeixen la melodia, i amb els la m\u00e0 esquerra es tecleja sobre els botons dels baixos i dels acords per a l&#8217;acompanyament. Dels botons de la m\u00e0 esquerra que produeixen acords \u00e9s d\u2019on ve el nom de l&#8217;instrument.<\/p>\n<p>Conferenciant:Liv Hallum L\u00f3pez-Llauder<br \/>\nDivendres 29 de setembre de 2023, a les 19.30h<br \/>\nSala del Casal de Cultura de Valldoreix<\/p>\n","protected":false},"excerpt":{"rendered":"<p>L&#8217;ACORDI\u00d3 DIAT\u00d2NIC CONFER\u00c8NCIA MUSICADA Temari: Farem un rep\u00e0s sobre com va arribar aquest instrument al Pirineu. Es parlar\u00e0 de la rellev\u00e0ncia que va tenir l&#8217;acordi\u00f3 en aquests territoris de muntanya i coneixerem alguns dels acordionistes m\u00e9s importants del Pirineu Catal\u00e0 i les seves can\u00e7ons. Finalment parlarem de l&#8217;estroncament cultural que va reprensantar la Guerra Civil i de la recuperaci\u00f3 actual de l&#8217;instrument. Tot acompanyat de can\u00e7ons en directe per il\u00b7lustrar la confer\u00e8ncia. L\u2019acordi\u00f3 \u00e9s un instrument musical aer\u00f2fon de lleng\u00fcetes lliures, constitu\u00eft per una manxa, muntada entre dues plaques de fusta o metall, que \u00e9s accionada amb els bra\u00e7os, mentre que amb els dits de la m\u00e0 dreta es premen les tecles, o els botons que produeixen la melodia, i amb els la m\u00e0 esquerra es tecleja sobre els botons dels baixos i dels acords per a l&#8217;acompanyament. Dels botons de la m\u00e0 esquerra que produeixen acords \u00e9s d\u2019on ve el nom de l&#8217;instrument. Conferenciant:Liv Hallum L\u00f3pez-Llauder Divendres 29 de setembre de 2023, a les 19.30h Sala del Casal de Cultura de Valldoreix<\/p>\n","protected":false},"author":1,"featured_media":526,"comment_status":"open","ping_status":"open","sticky":false,"template":"","format":"standard","meta":{"footnotes":""},"categories":[2,12,1],"tags":[],"_links":{"self":[{"href":"http:\/\/avvcelm.cat\/avvcelm\/wp-json\/wp\/v2\/posts\/527"}],"collection":[{"href":"http:\/\/avvcelm.cat\/avvcelm\/wp-json\/wp\/v2\/posts"}],"about":[{"href":"http:\/\/avvcelm.cat\/avvcelm\/wp-json\/wp\/v2\/types\/post"}],"author":[{"embeddable":true,"href":"http:\/\/avvcelm.cat\/avvcelm\/wp-json\/wp\/v2\/users\/1"}],"replies":[{"embeddable":true,"href":"http:\/\/avvcelm.cat\/avvcelm\/wp-json\/wp\/v2\/comments?post=527"}],"version-history":[{"count":1,"href":"http:\/\/avvcelm.cat\/avvcelm\/wp-json\/wp\/v2\/posts\/527\/revisions"}],"predecessor-version":[{"id":528,"href":"http:\/\/avvcelm.cat\/avvcelm\/wp-json\/wp\/v2\/posts\/527\/revisions\/528"}],"wp:featuredmedia":[{"embeddable":true,"href":"http:\/\/avvcelm.cat\/avvcelm\/wp-json\/wp\/v2\/media\/526"}],"wp:attachment":[{"href":"http:\/\/avvcelm.cat\/avvcelm\/wp-json\/wp\/v2\/media?parent=527"}],"wp:term":[{"taxonomy":"category","embeddable":true,"href":"http:\/\/avvcelm.cat\/avvcelm\/wp-json\/wp\/v2\/categories?post=527"},{"taxonomy":"post_tag","embeddable":true,"href":"http:\/\/avvcelm.cat\/avvcelm\/wp-json\/wp\/v2\/tags?post=527"}],"curies":[{"name":"wp","href":"https:\/\/api.w.org\/{rel}","templated":true}]}}